{"id":1893,"date":"2025-05-29T10:38:05","date_gmt":"2025-05-29T10:38:05","guid":{"rendered":"https:\/\/www.tacsa.com\/plan-gestion-integral-energias-2022-2023\/"},"modified":"2025-05-30T12:01:35","modified_gmt":"2025-05-30T12:01:35","slug":"plan-gestion-integral-energias-2022-2023","status":"publish","type":"post","link":"https:\/\/www.tacsa.com\/fr\/plan-gestion-integral-energias-2022-2023\/","title":{"rendered":"Plan de gestion int\u00e9grale de l&#8217;\u00e9nergie"},"content":{"rendered":"<p style=\"font-weight: 400;\">Une des priorit\u00e9s de Tacsa en mati\u00e8re d\u2019environnement est de contr\u00f4ler et de minimiser l\u2019impact environnemental de notre activit\u00e9.<\/p>\n<p style=\"font-weight: 400;\">Afin de r\u00e9duire l\u2019impact environnemental de Tacsa et de minimiser l\u2019effet sur les co\u00fbts de l\u2019entreprise, des actions ont \u00e9t\u00e9 mises en place dans diff\u00e9rents domaines pour r\u00e9duire la consommation \u00e9nerg\u00e9tique de nos installations.<\/p>\n<p style=\"font-weight: 400;\">Des actions d\u2019optimisation des d\u00e9marrages et arr\u00eats des installations ont \u00e9t\u00e9 r\u00e9alis\u00e9es, ainsi que l\u2019isolation thermique des conduites et des cuves, le remplacement de produits par des produits fonctionnant \u00e0 des temp\u00e9ratures plus basses, l\u2019installation de variateurs, le remplacement des \u00e9quipements par des \u00e9quipements neufs \u00e0 plus grande efficacit\u00e9 \u00e9nerg\u00e9tique, \u2026 et nous continuons \u00e0 travailler pour minimiser notre consommation et ainsi r\u00e9duire notre impact.<\/p>\n<p style=\"font-weight: 400;\">Gr\u00e2ce aux actions men\u00e9es, des r\u00e9ductions de la consommation de gaz et d\u2019\u00e9lectricit\u00e9 par m\u00b2 de pi\u00e8ces trait\u00e9es ont \u00e9t\u00e9 obtenues.<\/p>\n<p style=\"font-weight: 400;\">En 2023, par rapport \u00e0 2021, nous avons enregistr\u00e9 une r\u00e9duction de 7 % de la consommation d\u2019\u00e9lectricit\u00e9 par m\u00b2, ainsi qu\u2019une r\u00e9duction de 20 % de la consommation de gaz.<\/p>\n<p style=\"font-weight: 400;\">En 2024, par rapport \u00e0 2023, nous avons constat\u00e9 une diminution de 3 % de la consommation d\u2019\u00e9lectricit\u00e9 par m\u00b2 et une r\u00e9duction de 1,4 % de la consommation de gaz.<\/p>\n","protected":false},"excerpt":{"rendered":"<p>Un des principes fondamentaux de Tacsa en mati\u00e8re d&#8217;environnement est de contr\u00f4ler et de minimiser l&#8217;impact environnemental de notre activit\u00e9&#8230;<\/p>\n","protected":false},"author":2,"featured_media":1706,"comment_status":"closed","ping_status":"closed","sticky":false,"template":"","format":"image","meta":[],"categories":[36,32],"tags":[],"acf":[],"yoast_head":"<!-- This site is optimized with the Yoast SEO plugin v19.1 - https:\/\/yoast.com\/wordpress\/plugins\/seo\/ -->\n<title>Plan de gestion int\u00e9grale de l&#039;\u00e9nergie - Tacsa<\/title>\n<meta name=\"robots\" content=\"index, follow, max-snippet:-1, max-image-preview:large, max-video-preview:-1\" \/>\n<link rel=\"canonical\" href=\"https:\/\/www.tacsa.com\/fr\/plan-gestion-integral-energias-2022-2023\/\" \/>\n<meta property=\"og:locale\" content=\"fr_FR\" \/>\n<meta property=\"og:type\" content=\"article\" \/>\n<meta property=\"og:title\" content=\"Plan de gestion int\u00e9grale de l&#039;\u00e9nergie - Tacsa\" \/>\n<meta property=\"og:description\" content=\"Un des principes fondamentaux de Tacsa en mati\u00e8re d&#039;environnement est de contr\u00f4ler et de minimiser l&#039;impact environnemental de notre activit\u00e9...\" \/>\n<meta property=\"og:url\" content=\"https:\/\/www.tacsa.com\/fr\/plan-gestion-integral-energias-2022-2023\/\" \/>\n<meta property=\"og:site_name\" content=\"Tacsa\" \/>\n<meta property=\"article:published_time\" content=\"2025-05-29T10:38:05+00:00\" \/>\n<meta property=\"article:modified_time\" content=\"2025-05-30T12:01:35+00:00\" \/>\n<meta property=\"og:image\" content=\"https:\/\/www.tacsa.com\/wp-content\/uploads\/2022\/07\/image-2-squashed.jpg\" \/>\n\t<meta property=\"og:image:width\" content=\"1972\" \/>\n\t<meta property=\"og:image:height\" content=\"1258\" \/>\n\t<meta property=\"og:image:type\" content=\"image\/jpeg\" \/>\n<meta name=\"twitter:card\" content=\"summary_large_image\" \/>\n<meta name=\"twitter:creator\" content=\"@tacsabcn\" \/>\n<meta name=\"twitter:site\" content=\"@tacsabcn\" \/>\n<meta name=\"twitter:label1\" content=\"Written by\" \/>\n\t<meta name=\"twitter:data1\" content=\"Tacsa\" \/>\n\t<meta name=\"twitter:label2\" content=\"Est. reading time\" \/>\n\t<meta name=\"twitter:data2\" content=\"1 minute\" \/>\n<script type=\"application\/ld+json\" class=\"yoast-schema-graph\">{\"@context\":\"https:\/\/schema.org\",\"@graph\":[{\"@type\":\"Organization\",\"@id\":\"https:\/\/www.tacsa.com\/#organization\",\"name\":\"Tacsa\",\"url\":\"https:\/\/www.tacsa.com\/\",\"sameAs\":[\"https:\/\/twitter.com\/tacsabcn\"],\"logo\":{\"@type\":\"ImageObject\",\"inLanguage\":\"fr-FR\",\"@id\":\"https:\/\/www.tacsa.com\/#\/schema\/logo\/image\/\",\"url\":\"https:\/\/www.tacsa.com\/wp-content\/uploads\/2021\/12\/logo.svg\",\"contentUrl\":\"https:\/\/www.tacsa.com\/wp-content\/uploads\/2021\/12\/logo.svg\",\"caption\":\"Tacsa\"},\"image\":{\"@id\":\"https:\/\/www.tacsa.com\/#\/schema\/logo\/image\/\"}},{\"@type\":\"WebSite\",\"@id\":\"https:\/\/www.tacsa.com\/#website\",\"url\":\"https:\/\/www.tacsa.com\/\",\"name\":\"Tacsa\",\"description\":\"Tratamientos y Acabados por Cataforesis S.A\",\"publisher\":{\"@id\":\"https:\/\/www.tacsa.com\/#organization\"},\"potentialAction\":[{\"@type\":\"SearchAction\",\"target\":{\"@type\":\"EntryPoint\",\"urlTemplate\":\"https:\/\/www.tacsa.com\/?s={search_term_string}\"},\"query-input\":\"required name=search_term_string\"}],\"inLanguage\":\"fr-FR\"},{\"@type\":\"ImageObject\",\"inLanguage\":\"fr-FR\",\"@id\":\"https:\/\/www.tacsa.com\/fr\/plan-gestion-integral-energias-2022-2023\/#primaryimage\",\"url\":\"https:\/\/www.tacsa.com\/wp-content\/uploads\/2022\/07\/image-2-squashed.jpg\",\"contentUrl\":\"https:\/\/www.tacsa.com\/wp-content\/uploads\/2022\/07\/image-2-squashed.jpg\",\"width\":1972,\"height\":1258},{\"@type\":\"WebPage\",\"@id\":\"https:\/\/www.tacsa.com\/fr\/plan-gestion-integral-energias-2022-2023\/#webpage\",\"url\":\"https:\/\/www.tacsa.com\/fr\/plan-gestion-integral-energias-2022-2023\/\",\"name\":\"Plan de gestion int\u00e9grale de l'\u00e9nergie - Tacsa\",\"isPartOf\":{\"@id\":\"https:\/\/www.tacsa.com\/#website\"},\"primaryImageOfPage\":{\"@id\":\"https:\/\/www.tacsa.com\/fr\/plan-gestion-integral-energias-2022-2023\/#primaryimage\"},\"datePublished\":\"2025-05-29T10:38:05+00:00\",\"dateModified\":\"2025-05-30T12:01:35+00:00\",\"breadcrumb\":{\"@id\":\"https:\/\/www.tacsa.com\/fr\/plan-gestion-integral-energias-2022-2023\/#breadcrumb\"},\"inLanguage\":\"fr-FR\",\"potentialAction\":[{\"@type\":\"ReadAction\",\"target\":[\"https:\/\/www.tacsa.com\/fr\/plan-gestion-integral-energias-2022-2023\/\"]}]},{\"@type\":\"BreadcrumbList\",\"@id\":\"https:\/\/www.tacsa.com\/fr\/plan-gestion-integral-energias-2022-2023\/#breadcrumb\",\"itemListElement\":[{\"@type\":\"ListItem\",\"position\":1,\"name\":\"Home\",\"item\":\"https:\/\/www.tacsa.com\/fr\/\"},{\"@type\":\"ListItem\",\"position\":2,\"name\":\"Plan de gestion int\u00e9grale de l&#8217;\u00e9nergie\"}]},{\"@type\":\"Article\",\"@id\":\"https:\/\/www.tacsa.com\/fr\/plan-gestion-integral-energias-2022-2023\/#article\",\"isPartOf\":{\"@id\":\"https:\/\/www.tacsa.com\/fr\/plan-gestion-integral-energias-2022-2023\/#webpage\"},\"author\":{\"@id\":\"https:\/\/www.tacsa.com\/#\/schema\/person\/12f3cbebc1e345f4091b7dd3f44d741d\"},\"headline\":\"Plan de gestion int\u00e9grale de l&#8217;\u00e9nergie\",\"datePublished\":\"2025-05-29T10:38:05+00:00\",\"dateModified\":\"2025-05-30T12:01:35+00:00\",\"mainEntityOfPage\":{\"@id\":\"https:\/\/www.tacsa.com\/fr\/plan-gestion-integral-energias-2022-2023\/#webpage\"},\"wordCount\":226,\"publisher\":{\"@id\":\"https:\/\/www.tacsa.com\/#organization\"},\"image\":{\"@id\":\"https:\/\/www.tacsa.com\/fr\/plan-gestion-integral-energias-2022-2023\/#primaryimage\"},\"thumbnailUrl\":\"https:\/\/www.tacsa.com\/wp-content\/uploads\/2022\/07\/image-2-squashed.jpg\",\"articleSection\":[\"Actions environnementales\",\"Non classifi\u00e9(e)\"],\"inLanguage\":\"fr-FR\"},{\"@type\":\"Person\",\"@id\":\"https:\/\/www.tacsa.com\/#\/schema\/person\/12f3cbebc1e345f4091b7dd3f44d741d\",\"name\":\"Tacsa\"}]}<\/script>\n<!-- \/ Yoast SEO plugin. -->","yoast_head_json":{"title":"Plan de gestion int\u00e9grale de l'\u00e9nergie - Tacsa","robots":{"index":"index","follow":"follow","max-snippet":"max-snippet:-1","max-image-preview":"max-image-preview:large","max-video-preview":"max-video-preview:-1"},"canonical":"https:\/\/www.tacsa.com\/fr\/plan-gestion-integral-energias-2022-2023\/","og_locale":"fr_FR","og_type":"article","og_title":"Plan de gestion int\u00e9grale de l'\u00e9nergie - Tacsa","og_description":"Un des principes fondamentaux de Tacsa en mati\u00e8re d'environnement est de contr\u00f4ler et de minimiser l'impact environnemental de notre activit\u00e9...","og_url":"https:\/\/www.tacsa.com\/fr\/plan-gestion-integral-energias-2022-2023\/","og_site_name":"Tacsa","article_published_time":"2025-05-29T10:38:05+00:00","article_modified_time":"2025-05-30T12:01:35+00:00","og_image":[{"width":1972,"height":1258,"url":"https:\/\/www.tacsa.com\/wp-content\/uploads\/2022\/07\/image-2-squashed.jpg","type":"image\/jpeg"}],"twitter_card":"summary_large_image","twitter_creator":"@tacsabcn","twitter_site":"@tacsabcn","twitter_misc":{"Written by":"Tacsa","Est. reading time":"1 minute"},"schema":{"@context":"https:\/\/schema.org","@graph":[{"@type":"Organization","@id":"https:\/\/www.tacsa.com\/#organization","name":"Tacsa","url":"https:\/\/www.tacsa.com\/","sameAs":["https:\/\/twitter.com\/tacsabcn"],"logo":{"@type":"ImageObject","inLanguage":"fr-FR","@id":"https:\/\/www.tacsa.com\/#\/schema\/logo\/image\/","url":"https:\/\/www.tacsa.com\/wp-content\/uploads\/2021\/12\/logo.svg","contentUrl":"https:\/\/www.tacsa.com\/wp-content\/uploads\/2021\/12\/logo.svg","caption":"Tacsa"},"image":{"@id":"https:\/\/www.tacsa.com\/#\/schema\/logo\/image\/"}},{"@type":"WebSite","@id":"https:\/\/www.tacsa.com\/#website","url":"https:\/\/www.tacsa.com\/","name":"Tacsa","description":"Tratamientos y Acabados por Cataforesis S.A","publisher":{"@id":"https:\/\/www.tacsa.com\/#organization"},"potentialAction":[{"@type":"SearchAction","target":{"@type":"EntryPoint","urlTemplate":"https:\/\/www.tacsa.com\/?s={search_term_string}"},"query-input":"required name=search_term_string"}],"inLanguage":"fr-FR"},{"@type":"ImageObject","inLanguage":"fr-FR","@id":"https:\/\/www.tacsa.com\/fr\/plan-gestion-integral-energias-2022-2023\/#primaryimage","url":"https:\/\/www.tacsa.com\/wp-content\/uploads\/2022\/07\/image-2-squashed.jpg","contentUrl":"https:\/\/www.tacsa.com\/wp-content\/uploads\/2022\/07\/image-2-squashed.jpg","width":1972,"height":1258},{"@type":"WebPage","@id":"https:\/\/www.tacsa.com\/fr\/plan-gestion-integral-energias-2022-2023\/#webpage","url":"https:\/\/www.tacsa.com\/fr\/plan-gestion-integral-energias-2022-2023\/","name":"Plan de gestion int\u00e9grale de l'\u00e9nergie - Tacsa","isPartOf":{"@id":"https:\/\/www.tacsa.com\/#website"},"primaryImageOfPage":{"@id":"https:\/\/www.tacsa.com\/fr\/plan-gestion-integral-energias-2022-2023\/#primaryimage"},"datePublished":"2025-05-29T10:38:05+00:00","dateModified":"2025-05-30T12:01:35+00:00","breadcrumb":{"@id":"https:\/\/www.tacsa.com\/fr\/plan-gestion-integral-energias-2022-2023\/#breadcrumb"},"inLanguage":"fr-FR","potentialAction":[{"@type":"ReadAction","target":["https:\/\/www.tacsa.com\/fr\/plan-gestion-integral-energias-2022-2023\/"]}]},{"@type":"BreadcrumbList","@id":"https:\/\/www.tacsa.com\/fr\/plan-gestion-integral-energias-2022-2023\/#breadcrumb","itemListElement":[{"@type":"ListItem","position":1,"name":"Home","item":"https:\/\/www.tacsa.com\/fr\/"},{"@type":"ListItem","position":2,"name":"Plan de gestion int\u00e9grale de l&#8217;\u00e9nergie"}]},{"@type":"Article","@id":"https:\/\/www.tacsa.com\/fr\/plan-gestion-integral-energias-2022-2023\/#article","isPartOf":{"@id":"https:\/\/www.tacsa.com\/fr\/plan-gestion-integral-energias-2022-2023\/#webpage"},"author":{"@id":"https:\/\/www.tacsa.com\/#\/schema\/person\/12f3cbebc1e345f4091b7dd3f44d741d"},"headline":"Plan de gestion int\u00e9grale de l&#8217;\u00e9nergie","datePublished":"2025-05-29T10:38:05+00:00","dateModified":"2025-05-30T12:01:35+00:00","mainEntityOfPage":{"@id":"https:\/\/www.tacsa.com\/fr\/plan-gestion-integral-energias-2022-2023\/#webpage"},"wordCount":226,"publisher":{"@id":"https:\/\/www.tacsa.com\/#organization"},"image":{"@id":"https:\/\/www.tacsa.com\/fr\/plan-gestion-integral-energias-2022-2023\/#primaryimage"},"thumbnailUrl":"https:\/\/www.tacsa.com\/wp-content\/uploads\/2022\/07\/image-2-squashed.jpg","articleSection":["Actions environnementales","Non classifi\u00e9(e)"],"inLanguage":"fr-FR"},{"@type":"Person","@id":"https:\/\/www.tacsa.com\/#\/schema\/person\/12f3cbebc1e345f4091b7dd3f44d741d","name":"Tacsa"}]}},"_links":{"self":[{"href":"https:\/\/www.tacsa.com\/fr\/wp-json\/wp\/v2\/posts\/1893"}],"collection":[{"href":"https:\/\/www.tacsa.com\/fr\/wp-json\/wp\/v2\/posts"}],"about":[{"href":"https:\/\/www.tacsa.com\/fr\/wp-json\/wp\/v2\/types\/post"}],"author":[{"embeddable":true,"href":"https:\/\/www.tacsa.com\/fr\/wp-json\/wp\/v2\/users\/2"}],"replies":[{"embeddable":true,"href":"https:\/\/www.tacsa.com\/fr\/wp-json\/wp\/v2\/comments?post=1893"}],"version-history":[{"count":5,"href":"https:\/\/www.tacsa.com\/fr\/wp-json\/wp\/v2\/posts\/1893\/revisions"}],"predecessor-version":[{"id":2599,"href":"https:\/\/www.tacsa.com\/fr\/wp-json\/wp\/v2\/posts\/1893\/revisions\/2599"}],"wp:featuredmedia":[{"embeddable":true,"href":"https:\/\/www.tacsa.com\/fr\/wp-json\/wp\/v2\/media\/1706"}],"wp:attachment":[{"href":"https:\/\/www.tacsa.com\/fr\/wp-json\/wp\/v2\/media?parent=1893"}],"wp:term":[{"taxonomy":"category","embeddable":true,"href":"https:\/\/www.tacsa.com\/fr\/wp-json\/wp\/v2\/categories?post=1893"},{"taxonomy":"post_tag","embeddable":true,"href":"https:\/\/www.tacsa.com\/fr\/wp-json\/wp\/v2\/tags?post=1893"}],"curies":[{"name":"wp","href":"https:\/\/api.w.org\/{rel}","templated":true}]}}