{"id":1246,"date":"2025-05-29T10:38:05","date_gmt":"2025-05-29T10:38:05","guid":{"rendered":"https:\/\/www.tacsa.com\/pla-gestio-integral-energies-2022-2023\/"},"modified":"2025-05-30T13:14:03","modified_gmt":"2025-05-30T13:14:03","slug":"pla-gestio-integral-energies-2022-2023","status":"publish","type":"post","link":"https:\/\/www.tacsa.com\/ca\/pla-gestio-integral-energies-2022-2023\/","title":{"rendered":"Gesti\u00f3 Integral energies"},"content":{"rendered":"<p style=\"font-weight: 400;\">Una de les premisses de Tacsa en mat\u00e8ria de medi ambient \u00e9s controlar i minimitzar l\u2019impacte ambiental de la nostra activitat.<\/p>\n<p style=\"font-weight: 400;\">Amb l\u2019objectiu de reduir l\u2019impacte ambiental de Tacsa i minimitzar l\u2019afectaci\u00f3 als costos de l\u2019empresa, s\u2019implanten accions en diferents \u00e0mbits per reduir el consum energ\u00e8tic de les nostres plantes.<\/p>\n<p style=\"font-weight: 400;\">S\u2019han dut a terme accions d\u2019optimitzaci\u00f3 en els engegats i aturades de les instal\u00b7lacions, a\u00efllament t\u00e8rmic de canonades i cubes, canvi de productes per altres que treballen a menor temperatura, instal\u00b7laci\u00f3 de variadors, substituci\u00f3 d\u2019equips per altres nous de m\u00e9s efici\u00e8ncia energ\u00e8tica, \u2026 i continuem treballant per minimitzar el nostre consum i aix\u00ed reduir el nostre impacte.<\/p>\n<p style=\"font-weight: 400;\">Amb les accions realitzades s\u2019han aconseguit reduccions en el consum de gas i electricitat per m\u00b2 de peces tractades.<\/p>\n<p style=\"font-weight: 400;\">L\u2019any 2023 respecte al 2021 vam tenir una reducci\u00f3 del consum d\u2019electricitat per m\u00b2 del 7% respecte al 2021, i una reducci\u00f3 del consum de gas del 20%.<\/p>\n<p style=\"font-weight: 400;\">L\u2019any 2024 respecte al 2023 hem tingut una disminuci\u00f3 del consum d\u2019electricitat per m\u00b2 del 3% i una reducci\u00f3 del consum de gas de l\u20191,4%.<\/p>\n","protected":false},"excerpt":{"rendered":"<p>Una de les premisses de Tacsa en mat\u00e8ria de medi ambient \u00e9s controlar i minimitzar l&#8217;impacte ambiental de la nostra activitat&#8230;<\/p>\n","protected":false},"author":2,"featured_media":1116,"comment_status":"closed","ping_status":"closed","sticky":false,"template":"","format":"image","meta":[],"categories":[19,9],"tags":[],"acf":[],"yoast_head":"<!-- This site is optimized with the Yoast SEO plugin v19.1 - https:\/\/yoast.com\/wordpress\/plugins\/seo\/ -->\n<title>Gesti\u00f3 Integral energies - Tacsa<\/title>\n<meta name=\"robots\" content=\"index, follow, max-snippet:-1, max-image-preview:large, max-video-preview:-1\" \/>\n<link rel=\"canonical\" href=\"https:\/\/www.tacsa.com\/ca\/pla-gestio-integral-energies-2022-2023\/\" \/>\n<meta property=\"og:locale\" content=\"ca_ES\" \/>\n<meta property=\"og:type\" content=\"article\" \/>\n<meta property=\"og:title\" content=\"Gesti\u00f3 Integral energies - Tacsa\" \/>\n<meta property=\"og:description\" content=\"Una de les premisses de Tacsa en mat\u00e8ria de medi ambient \u00e9s controlar i minimitzar l&#039;impacte ambiental de la nostra activitat...\" \/>\n<meta property=\"og:url\" content=\"https:\/\/www.tacsa.com\/ca\/pla-gestio-integral-energies-2022-2023\/\" \/>\n<meta property=\"og:site_name\" content=\"Tacsa\" \/>\n<meta property=\"article:published_time\" content=\"2025-05-29T10:38:05+00:00\" \/>\n<meta property=\"article:modified_time\" content=\"2025-05-30T13:14:03+00:00\" \/>\n<meta property=\"og:image\" content=\"https:\/\/www.tacsa.com\/wp-content\/uploads\/2022\/07\/image-2-squashed.jpg\" \/>\n\t<meta property=\"og:image:width\" content=\"1972\" \/>\n\t<meta property=\"og:image:height\" content=\"1258\" \/>\n\t<meta property=\"og:image:type\" content=\"image\/jpeg\" \/>\n<meta name=\"twitter:card\" content=\"summary_large_image\" \/>\n<meta name=\"twitter:creator\" content=\"@tacsabcn\" \/>\n<meta name=\"twitter:site\" content=\"@tacsabcn\" \/>\n<meta name=\"twitter:label1\" content=\"Written by\" \/>\n\t<meta name=\"twitter:data1\" content=\"Tacsa\" \/>\n\t<meta name=\"twitter:label2\" content=\"Est. reading time\" \/>\n\t<meta name=\"twitter:data2\" content=\"1 minute\" \/>\n<script type=\"application\/ld+json\" class=\"yoast-schema-graph\">{\"@context\":\"https:\/\/schema.org\",\"@graph\":[{\"@type\":\"Organization\",\"@id\":\"https:\/\/www.tacsa.com\/#organization\",\"name\":\"Tacsa\",\"url\":\"https:\/\/www.tacsa.com\/\",\"sameAs\":[\"https:\/\/twitter.com\/tacsabcn\"],\"logo\":{\"@type\":\"ImageObject\",\"inLanguage\":\"ca\",\"@id\":\"https:\/\/www.tacsa.com\/#\/schema\/logo\/image\/\",\"url\":\"https:\/\/www.tacsa.com\/wp-content\/uploads\/2021\/12\/logo.svg\",\"contentUrl\":\"https:\/\/www.tacsa.com\/wp-content\/uploads\/2021\/12\/logo.svg\",\"caption\":\"Tacsa\"},\"image\":{\"@id\":\"https:\/\/www.tacsa.com\/#\/schema\/logo\/image\/\"}},{\"@type\":\"WebSite\",\"@id\":\"https:\/\/www.tacsa.com\/#website\",\"url\":\"https:\/\/www.tacsa.com\/\",\"name\":\"Tacsa\",\"description\":\"Tratamientos y Acabados por Cataforesis S.A\",\"publisher\":{\"@id\":\"https:\/\/www.tacsa.com\/#organization\"},\"potentialAction\":[{\"@type\":\"SearchAction\",\"target\":{\"@type\":\"EntryPoint\",\"urlTemplate\":\"https:\/\/www.tacsa.com\/?s={search_term_string}\"},\"query-input\":\"required name=search_term_string\"}],\"inLanguage\":\"ca\"},{\"@type\":\"ImageObject\",\"inLanguage\":\"ca\",\"@id\":\"https:\/\/www.tacsa.com\/ca\/pla-gestio-integral-energies-2022-2023\/#primaryimage\",\"url\":\"https:\/\/www.tacsa.com\/wp-content\/uploads\/2022\/07\/image-2-squashed.jpg\",\"contentUrl\":\"https:\/\/www.tacsa.com\/wp-content\/uploads\/2022\/07\/image-2-squashed.jpg\",\"width\":1972,\"height\":1258},{\"@type\":\"WebPage\",\"@id\":\"https:\/\/www.tacsa.com\/ca\/pla-gestio-integral-energies-2022-2023\/#webpage\",\"url\":\"https:\/\/www.tacsa.com\/ca\/pla-gestio-integral-energies-2022-2023\/\",\"name\":\"Gesti\u00f3 Integral energies - Tacsa\",\"isPartOf\":{\"@id\":\"https:\/\/www.tacsa.com\/#website\"},\"primaryImageOfPage\":{\"@id\":\"https:\/\/www.tacsa.com\/ca\/pla-gestio-integral-energies-2022-2023\/#primaryimage\"},\"datePublished\":\"2025-05-29T10:38:05+00:00\",\"dateModified\":\"2025-05-30T13:14:03+00:00\",\"breadcrumb\":{\"@id\":\"https:\/\/www.tacsa.com\/ca\/pla-gestio-integral-energies-2022-2023\/#breadcrumb\"},\"inLanguage\":\"ca\",\"potentialAction\":[{\"@type\":\"ReadAction\",\"target\":[\"https:\/\/www.tacsa.com\/ca\/pla-gestio-integral-energies-2022-2023\/\"]}]},{\"@type\":\"BreadcrumbList\",\"@id\":\"https:\/\/www.tacsa.com\/ca\/pla-gestio-integral-energies-2022-2023\/#breadcrumb\",\"itemListElement\":[{\"@type\":\"ListItem\",\"position\":1,\"name\":\"Home\",\"item\":\"https:\/\/www.tacsa.com\/ca\/\"},{\"@type\":\"ListItem\",\"position\":2,\"name\":\"Gesti\u00f3 Integral energies\"}]},{\"@type\":\"Article\",\"@id\":\"https:\/\/www.tacsa.com\/ca\/pla-gestio-integral-energies-2022-2023\/#article\",\"isPartOf\":{\"@id\":\"https:\/\/www.tacsa.com\/ca\/pla-gestio-integral-energies-2022-2023\/#webpage\"},\"author\":{\"@id\":\"https:\/\/www.tacsa.com\/#\/schema\/person\/12f3cbebc1e345f4091b7dd3f44d741d\"},\"headline\":\"Gesti\u00f3 Integral energies\",\"datePublished\":\"2025-05-29T10:38:05+00:00\",\"dateModified\":\"2025-05-30T13:14:03+00:00\",\"mainEntityOfPage\":{\"@id\":\"https:\/\/www.tacsa.com\/ca\/pla-gestio-integral-energies-2022-2023\/#webpage\"},\"wordCount\":196,\"publisher\":{\"@id\":\"https:\/\/www.tacsa.com\/#organization\"},\"image\":{\"@id\":\"https:\/\/www.tacsa.com\/ca\/pla-gestio-integral-energies-2022-2023\/#primaryimage\"},\"thumbnailUrl\":\"https:\/\/www.tacsa.com\/wp-content\/uploads\/2022\/07\/image-2-squashed.jpg\",\"articleSection\":[\"Accions mediambientals\",\"Sense categoritzar\"],\"inLanguage\":\"ca\"},{\"@type\":\"Person\",\"@id\":\"https:\/\/www.tacsa.com\/#\/schema\/person\/12f3cbebc1e345f4091b7dd3f44d741d\",\"name\":\"Tacsa\"}]}<\/script>\n<!-- \/ Yoast SEO plugin. -->","yoast_head_json":{"title":"Gesti\u00f3 Integral energies - Tacsa","robots":{"index":"index","follow":"follow","max-snippet":"max-snippet:-1","max-image-preview":"max-image-preview:large","max-video-preview":"max-video-preview:-1"},"canonical":"https:\/\/www.tacsa.com\/ca\/pla-gestio-integral-energies-2022-2023\/","og_locale":"ca_ES","og_type":"article","og_title":"Gesti\u00f3 Integral energies - Tacsa","og_description":"Una de les premisses de Tacsa en mat\u00e8ria de medi ambient \u00e9s controlar i minimitzar l'impacte ambiental de la nostra activitat...","og_url":"https:\/\/www.tacsa.com\/ca\/pla-gestio-integral-energies-2022-2023\/","og_site_name":"Tacsa","article_published_time":"2025-05-29T10:38:05+00:00","article_modified_time":"2025-05-30T13:14:03+00:00","og_image":[{"width":1972,"height":1258,"url":"https:\/\/www.tacsa.com\/wp-content\/uploads\/2022\/07\/image-2-squashed.jpg","type":"image\/jpeg"}],"twitter_card":"summary_large_image","twitter_creator":"@tacsabcn","twitter_site":"@tacsabcn","twitter_misc":{"Written by":"Tacsa","Est. reading time":"1 minute"},"schema":{"@context":"https:\/\/schema.org","@graph":[{"@type":"Organization","@id":"https:\/\/www.tacsa.com\/#organization","name":"Tacsa","url":"https:\/\/www.tacsa.com\/","sameAs":["https:\/\/twitter.com\/tacsabcn"],"logo":{"@type":"ImageObject","inLanguage":"ca","@id":"https:\/\/www.tacsa.com\/#\/schema\/logo\/image\/","url":"https:\/\/www.tacsa.com\/wp-content\/uploads\/2021\/12\/logo.svg","contentUrl":"https:\/\/www.tacsa.com\/wp-content\/uploads\/2021\/12\/logo.svg","caption":"Tacsa"},"image":{"@id":"https:\/\/www.tacsa.com\/#\/schema\/logo\/image\/"}},{"@type":"WebSite","@id":"https:\/\/www.tacsa.com\/#website","url":"https:\/\/www.tacsa.com\/","name":"Tacsa","description":"Tratamientos y Acabados por Cataforesis S.A","publisher":{"@id":"https:\/\/www.tacsa.com\/#organization"},"potentialAction":[{"@type":"SearchAction","target":{"@type":"EntryPoint","urlTemplate":"https:\/\/www.tacsa.com\/?s={search_term_string}"},"query-input":"required name=search_term_string"}],"inLanguage":"ca"},{"@type":"ImageObject","inLanguage":"ca","@id":"https:\/\/www.tacsa.com\/ca\/pla-gestio-integral-energies-2022-2023\/#primaryimage","url":"https:\/\/www.tacsa.com\/wp-content\/uploads\/2022\/07\/image-2-squashed.jpg","contentUrl":"https:\/\/www.tacsa.com\/wp-content\/uploads\/2022\/07\/image-2-squashed.jpg","width":1972,"height":1258},{"@type":"WebPage","@id":"https:\/\/www.tacsa.com\/ca\/pla-gestio-integral-energies-2022-2023\/#webpage","url":"https:\/\/www.tacsa.com\/ca\/pla-gestio-integral-energies-2022-2023\/","name":"Gesti\u00f3 Integral energies - Tacsa","isPartOf":{"@id":"https:\/\/www.tacsa.com\/#website"},"primaryImageOfPage":{"@id":"https:\/\/www.tacsa.com\/ca\/pla-gestio-integral-energies-2022-2023\/#primaryimage"},"datePublished":"2025-05-29T10:38:05+00:00","dateModified":"2025-05-30T13:14:03+00:00","breadcrumb":{"@id":"https:\/\/www.tacsa.com\/ca\/pla-gestio-integral-energies-2022-2023\/#breadcrumb"},"inLanguage":"ca","potentialAction":[{"@type":"ReadAction","target":["https:\/\/www.tacsa.com\/ca\/pla-gestio-integral-energies-2022-2023\/"]}]},{"@type":"BreadcrumbList","@id":"https:\/\/www.tacsa.com\/ca\/pla-gestio-integral-energies-2022-2023\/#breadcrumb","itemListElement":[{"@type":"ListItem","position":1,"name":"Home","item":"https:\/\/www.tacsa.com\/ca\/"},{"@type":"ListItem","position":2,"name":"Gesti\u00f3 Integral energies"}]},{"@type":"Article","@id":"https:\/\/www.tacsa.com\/ca\/pla-gestio-integral-energies-2022-2023\/#article","isPartOf":{"@id":"https:\/\/www.tacsa.com\/ca\/pla-gestio-integral-energies-2022-2023\/#webpage"},"author":{"@id":"https:\/\/www.tacsa.com\/#\/schema\/person\/12f3cbebc1e345f4091b7dd3f44d741d"},"headline":"Gesti\u00f3 Integral energies","datePublished":"2025-05-29T10:38:05+00:00","dateModified":"2025-05-30T13:14:03+00:00","mainEntityOfPage":{"@id":"https:\/\/www.tacsa.com\/ca\/pla-gestio-integral-energies-2022-2023\/#webpage"},"wordCount":196,"publisher":{"@id":"https:\/\/www.tacsa.com\/#organization"},"image":{"@id":"https:\/\/www.tacsa.com\/ca\/pla-gestio-integral-energies-2022-2023\/#primaryimage"},"thumbnailUrl":"https:\/\/www.tacsa.com\/wp-content\/uploads\/2022\/07\/image-2-squashed.jpg","articleSection":["Accions mediambientals","Sense categoritzar"],"inLanguage":"ca"},{"@type":"Person","@id":"https:\/\/www.tacsa.com\/#\/schema\/person\/12f3cbebc1e345f4091b7dd3f44d741d","name":"Tacsa"}]}},"_links":{"self":[{"href":"https:\/\/www.tacsa.com\/ca\/wp-json\/wp\/v2\/posts\/1246"}],"collection":[{"href":"https:\/\/www.tacsa.com\/ca\/wp-json\/wp\/v2\/posts"}],"about":[{"href":"https:\/\/www.tacsa.com\/ca\/wp-json\/wp\/v2\/types\/post"}],"author":[{"embeddable":true,"href":"https:\/\/www.tacsa.com\/ca\/wp-json\/wp\/v2\/users\/2"}],"replies":[{"embeddable":true,"href":"https:\/\/www.tacsa.com\/ca\/wp-json\/wp\/v2\/comments?post=1246"}],"version-history":[{"count":5,"href":"https:\/\/www.tacsa.com\/ca\/wp-json\/wp\/v2\/posts\/1246\/revisions"}],"predecessor-version":[{"id":2635,"href":"https:\/\/www.tacsa.com\/ca\/wp-json\/wp\/v2\/posts\/1246\/revisions\/2635"}],"wp:featuredmedia":[{"embeddable":true,"href":"https:\/\/www.tacsa.com\/ca\/wp-json\/wp\/v2\/media\/1116"}],"wp:attachment":[{"href":"https:\/\/www.tacsa.com\/ca\/wp-json\/wp\/v2\/media?parent=1246"}],"wp:term":[{"taxonomy":"category","embeddable":true,"href":"https:\/\/www.tacsa.com\/ca\/wp-json\/wp\/v2\/categories?post=1246"},{"taxonomy":"post_tag","embeddable":true,"href":"https:\/\/www.tacsa.com\/ca\/wp-json\/wp\/v2\/tags?post=1246"}],"curies":[{"name":"wp","href":"https:\/\/api.w.org\/{rel}","templated":true}]}}